{"id":4043,"date":"2025-03-03T23:19:09","date_gmt":"2025-03-03T22:19:09","guid":{"rendered":"https:\/\/mayorpension.sk\/preco-je-dolezite-vybrat-si-ubytovanie-podla-dlzky-pobytu\/"},"modified":"2025-04-23T12:25:58","modified_gmt":"2025-04-23T10:25:58","slug":"miert-fontos-a-szallas-kivalasztasa-a-tartozkodas-hossza-alapjan","status":"publish","type":"post","link":"https:\/\/mayorpension.sk\/hu\/miert-fontos-a-szallas-kivalasztasa-a-tartozkodas-hossza-alapjan\/","title":{"rendered":"Mi\u00e9rt fontos a sz\u00e1ll\u00e1s kiv\u00e1laszt\u00e1sa a tart\u00f3zkod\u00e1s hossza alapj\u00e1n?"},"content":{"rendered":"\t\t<div data-elementor-type=\"wp-post\" data-elementor-id=\"4043\" class=\"elementor elementor-4043\" data-elementor-post-type=\"post\">\n\t\t\t\t<div class=\"elementor-element elementor-element-1783dabc e-flex e-con-boxed e-con e-parent\" data-id=\"1783dabc\" data-element_type=\"container\">\n\t\t\t\t\t<div class=\"e-con-inner\">\n\t\t\t\t<div class=\"elementor-element elementor-element-62b01ba0 elementor-widget elementor-widget-text-editor\" data-id=\"62b01ba0\" data-element_type=\"widget\" data-widget_type=\"text-editor.default\">\n\t\t\t\t<div class=\"elementor-widget-container\">\n\t\t\t\t\t\t\t\t\t\n<p data-pm-slice=\"1 1 []\">Az utaz\u00e1s tervez\u00e9sekor a megfelel\u0151 sz\u00e1ll\u00e1s kiv\u00e1laszt\u00e1sa az egyik legfontosabb l\u00e9p\u00e9s. M\u00e1s ig\u00e9nyek mer\u00fclnek fel egy r\u00f6vid t\u00e1v\u00fa tart\u00f3zkod\u00e1sn\u00e1l, \u00e9s m\u00e1sok hossz\u00fa t\u00e1v\u00fa sz\u00e1ll\u00e1s eset\u00e9n. Mi\u00e9rt fontos figyelembe venni a tart\u00f3zkod\u00e1s hossz\u00e1t?<\/p>\n<p><strong>R\u00f6vid t\u00e1v\u00fa tart\u00f3zkod\u00e1sok \u2013 k\u00e9nyelem \u00e9s hat\u00e9konys\u00e1g<\/strong><br \/>Ha csak egy vagy k\u00e9t \u00e9jszak\u00e1t tart\u00f3zkodik, akkor fontos a gyors el\u00e9rhet\u0151s\u00e9g, a k\u00e9nyelmes felszerelts\u00e9g \u00e9s a korai bejelentkez\u00e9s vagy k\u00e9s\u0151i kijelentkez\u00e9s lehet\u0151s\u00e9ge. El\u0151ny\u00f6s a k\u00f6zeli \u00e9ttermek \u00e9s szolg\u00e1ltat\u00e1sok el\u00e9rhet\u0151s\u00e9ge is.<\/p>\n<p><strong>Hossz\u00fa t\u00e1v\u00fa tart\u00f3zkod\u00e1sok \u2013 felszerelts\u00e9g \u00e9s praktikum<\/strong><br \/>Hosszabb tart\u00f3zkod\u00e1s eset\u00e9n \u00e9rt\u00e9kelni fogja az olyan szob\u00e1t, amely konyh\u00e1t, elegend\u0151 t\u00e1rol\u00f3helyet \u00e9s mos\u00e1si lehet\u0151s\u00e9get k\u00edn\u00e1l. El\u0151ny\u00f6s a rendszeres takar\u00edt\u00e1s \u00e9s a stabil internetkapcsolat is.<\/p>\n\n\n\n<p><\/p><\/div><\/div><\/div><\/div><\/div><div> <a href=\"https:\/\/mayorpension.sk\/hu\/miert-fontos-a-szallas-kivalasztasa-a-tartozkodas-hossza-alapjan\/#more-4043\" class=\"more-link elementor-more-link\"><span aria-label=\"Continue reading Mi\u00e9rt fontos a sz\u00e1ll\u00e1s kiv\u00e1laszt\u00e1sa a tart\u00f3zkod\u00e1s hossza alapj\u00e1n?\">(more&hellip;)<\/span><\/a><\/div>","protected":false},"excerpt":{"rendered":"<p>Az utaz\u00e1s tervez\u00e9sekor a megfelel\u0151 sz\u00e1ll\u00e1s kiv\u00e1laszt\u00e1sa az egyik legfontosabb l\u00e9p\u00e9s. M\u00e1s ig\u00e9nyek mer\u00fclnek fel egy r\u00f6vid t\u00e1v\u00fa tart\u00f3zkod\u00e1sn\u00e1l, \u00e9s m\u00e1sok hossz\u00fa t\u00e1v\u00fa sz\u00e1ll\u00e1s eset\u00e9n. Mi\u00e9rt fontos figyelembe venni a tart\u00f3zkod\u00e1s hossz\u00e1t? R\u00f6vid t\u00e1v\u00fa tart\u00f3zkod\u00e1sok \u2013 k\u00e9nyelem \u00e9s hat\u00e9konys\u00e1gHa csak egy vagy k\u00e9t \u00e9jszak\u00e1t tart\u00f3zkodik, akkor fontos a gyors el\u00e9rhet\u0151s\u00e9g, a k\u00e9nyelmes felszerelts\u00e9g \u00e9s a [&hellip;]<\/p>\n","protected":false},"author":1,"featured_media":3761,"comment_status":"closed","ping_status":"closed","sticky":false,"template":"","format":"standard","meta":{"inline_featured_image":false,"footnotes":""},"categories":[1],"tags":[],"class_list":["post-4043","post","type-post","status-publish","format-standard","has-post-thumbnail","hentry","category-vsetky-clanky"],"_links":{"self":[{"href":"https:\/\/mayorpension.sk\/hu\/wp-json\/wp\/v2\/posts\/4043","targetHints":{"allow":["GET"]}}],"collection":[{"href":"https:\/\/mayorpension.sk\/hu\/wp-json\/wp\/v2\/posts"}],"about":[{"href":"https:\/\/mayorpension.sk\/hu\/wp-json\/wp\/v2\/types\/post"}],"author":[{"embeddable":true,"href":"https:\/\/mayorpension.sk\/hu\/wp-json\/wp\/v2\/users\/1"}],"replies":[{"embeddable":true,"href":"https:\/\/mayorpension.sk\/hu\/wp-json\/wp\/v2\/comments?post=4043"}],"version-history":[{"count":7,"href":"https:\/\/mayorpension.sk\/hu\/wp-json\/wp\/v2\/posts\/4043\/revisions"}],"predecessor-version":[{"id":4052,"href":"https:\/\/mayorpension.sk\/hu\/wp-json\/wp\/v2\/posts\/4043\/revisions\/4052"}],"wp:featuredmedia":[{"embeddable":true,"href":"https:\/\/mayorpension.sk\/hu\/wp-json\/wp\/v2\/media\/3761"}],"wp:attachment":[{"href":"https:\/\/mayorpension.sk\/hu\/wp-json\/wp\/v2\/media?parent=4043"}],"wp:term":[{"taxonomy":"category","embeddable":true,"href":"https:\/\/mayorpension.sk\/hu\/wp-json\/wp\/v2\/categories?post=4043"},{"taxonomy":"post_tag","embeddable":true,"href":"https:\/\/mayorpension.sk\/hu\/wp-json\/wp\/v2\/tags?post=4043"}],"curies":[{"name":"wp","href":"https:\/\/api.w.org\/{rel}","templated":true}]}}